{"id":3763,"date":"2026-01-19T20:20:00","date_gmt":"2026-01-19T20:20:00","guid":{"rendered":"https:\/\/www.villarichter.cz\/?p=3763"},"modified":"2026-05-01T14:10:34","modified_gmt":"2026-05-01T14:10:34","slug":"easter-in-prague","status":"publish","type":"post","link":"https:\/\/www.villarichter.cz\/en\/easter-in-prague\/","title":{"rendered":"EASTER IN PRAGUE \u2013 APRIL 2\u20135, 2026"},"content":{"rendered":"\n<p class=\"has-text-align-center\"><strong>Villa Richter, St. Wenceslas Vineyard at Prague Castle<\/strong><\/p>\n\n\n\n<p class=\"has-text-align-center\">Come celebrate Easter in a place where Prague unfolds before you like the palm of your hand.<br>At the beginning of April, St. Wenceslas Vineyard awakens to spring and invites you to enjoy several festive days filled with wine, spring specialties, and a unique atmosphere.<\/p>\n\n\n\n<p class=\"has-text-align-center\">From Thursday to Sunday, the vineyard at Villa Richter will transform into a pleasant open-air Easter gathering. Stop by for a glass of wine, taste spring and Easter specialties, and enjoy a slow afternoon overlooking historic Prague.<\/p>\n\n\n\n<p class=\"has-text-align-center\">Every day from 12:00 to 18:00, you can look forward to a relaxed atmosphere, the scent of spring, and seating among the vines\u2014an ideal place to meet with friends, family, or simply enjoy a quiet moment in the heart of the city.<\/p>\n\n\n\n<p class=\"has-text-align-center\">If the spring weather happens to surprise us, a heated party tent will also be available for visitors.We look forward to seeing you.<br>Easter. Wine. Spring at the vineyard. Prague in the palm of your hand.<\/p>\n\n\n\n<p><\/p>\n\n\n\n<h3 class=\"wp-block-heading has-text-align-center\"><strong>PRACTICAL INFORMATION:<\/strong><\/h3>\n\n\n\n<p class=\"has-text-align-center\"><strong>FREE ENTRY<\/strong><\/p>\n\n\n\n<p class=\"has-text-align-center\">\ud83d\udccd <strong>Location &amp; Time:<br><\/strong> Thursday \u2013 Sunday, April 2\u20135, 2026 | 12:00\u201318:00<\/p>\n\n\n\n<div class=\"wp-block-group is-vertical is-content-justification-center is-nowrap is-layout-flex wp-container-core-group-is-layout-fc169830 wp-block-group-is-layout-flex\">\r\n<div class=\"evtcal\">\r\n    <button type=\"button\" class=\"evtcal-btn btn btn-black\" aria-haspopup=\"true\" aria-expanded=\"false\">\r\n        ADD TO CALENDAR <span class=\"evtcal-arrow\">\u25be<\/span>\r\n    <\/button>\r\n    <ul class=\"evtcal-dropdown\" role=\"menu\">\r\n                <li role=\"menuitem\">\r\n            <a href=\"https:\/\/calendar.google.com\/calendar\/render?action=TEMPLATE&#038;text=EASTER%20IN%20PRAGUE%20%E2%80%93%20APRIL%202%E2%80%935%2C%202026&#038;dates=20260402T100000Z\/20260405T160000Z&#038;details=Easter%20at%20Villa%20Richter%20beneath%20Prague%20Castle.%20Wine%2C%20spring%20specialties%20and%20views%20over%20Prague.&#038;location=St.%20Wenceslas%20Vineyard%20%26%20Villa%20Richter%2C%20Star%C3%A9%20z%C3%A1meck%C3%A9%20schody%206%2C%20Prague%201\" target=\"_blank\" rel=\"noopener noreferrer\">\r\n                <img loading=\"lazy\" decoding=\"async\" src=\"https:\/\/www.villarichter.cz\/wp-content\/plugins\/evtcal-add-to-calendar\/assets\/images\/google-calendar.png\"\r\n                     alt=\"Google Calendar\"\r\n                     width=\"20\"\r\n                     height=\"20\">\r\n                Google Calendar            <\/a>\r\n        <\/li>\r\n        \r\n                <li role=\"menuitem\">\r\n            <a href=\"https:\/\/outlook.office.com\/calendar\/0\/deeplink\/compose?subject=EASTER%20IN%20PRAGUE%20%E2%80%93%20APRIL%202%E2%80%935%2C%202026&#038;body=Easter%20at%20Villa%20Richter%20beneath%20Prague%20Castle.%20Wine%2C%20spring%20specialties%20and%20views%20over%20Prague.&#038;startdt=2026-04-02T10:00:00Z&#038;enddt=2026-04-05T16:00:00Z&#038;location=St.%20Wenceslas%20Vineyard%20%26%20Villa%20Richter%2C%20Star%C3%A9%20z%C3%A1meck%C3%A9%20schody%206%2C%20Prague%201\" target=\"_blank\" rel=\"noopener noreferrer\">\r\n                <img loading=\"lazy\" decoding=\"async\" src=\"https:\/\/www.villarichter.cz\/wp-content\/plugins\/evtcal-add-to-calendar\/assets\/images\/office-365.webp\"\r\n                     alt=\"Office 365\"\r\n                     width=\"20\"\r\n                     height=\"20\">\r\n                Office 365            <\/a>\r\n        <\/li>\r\n        \r\n                <li role=\"menuitem\">\r\n            <a href=\"https:\/\/outlook.live.com\/calendar\/0\/deeplink\/compose?path=\/calendar\/action\/compose&#038;rru=addevent&#038;subject=EASTER%20IN%20PRAGUE%20%E2%80%93%20APRIL%202%E2%80%935%2C%202026&#038;body=Easter%20at%20Villa%20Richter%20beneath%20Prague%20Castle.%20Wine%2C%20spring%20specialties%20and%20views%20over%20Prague.&#038;startdt=2026-04-02T10:00:00Z&#038;enddt=2026-04-05T16:00:00Z&#038;location=St.%20Wenceslas%20Vineyard%20%26%20Villa%20Richter%2C%20Star%C3%A9%20z%C3%A1meck%C3%A9%20schody%206%2C%20Prague%201\" target=\"_blank\" rel=\"noopener noreferrer\">\r\n                <img loading=\"lazy\" decoding=\"async\" src=\"https:\/\/www.villarichter.cz\/wp-content\/plugins\/evtcal-add-to-calendar\/assets\/images\/outlook.svg\"\r\n                     alt=\"Outlook.com\"\r\n                     width=\"20\"\r\n                     height=\"20\">\r\n                Outlook.com            <\/a>\r\n        <\/li>\r\n        \r\n        \r\n                <li role=\"menuitem\">\r\n            <a href=\"https:\/\/www.villarichter.cz\/en\/?evtcal_ics_download=1&#038;title=EASTER+IN+PRAGUE+%E2%80%93+APRIL+2%E2%80%935%2C+2026&#038;description=Easter+at+Villa+Richter+beneath+Prague+Castle.+Wine%2C+spring+specialties+and+views+over+Prague.&#038;location=St.+Wenceslas+Vineyard+%26+Villa+Richter%2C+Star%C3%A9+z%C3%A1meck%C3%A9+schody+6%2C+Prague+1&#038;start=2026-04-02+12%3A00%3A00&#038;end=2026-04-05+18%3A00%3A00&#038;tz=Europe%2FPrague&#038;_wpnonce=b3f3e4f151\">\r\n                <img loading=\"lazy\" decoding=\"async\" src=\"https:\/\/www.villarichter.cz\/wp-content\/plugins\/evtcal-add-to-calendar\/assets\/images\/apple-calendar.svg\"\r\n                     alt=\"Apple Calendar\"\r\n                     width=\"20\"\r\n                     height=\"20\">\r\n                Apple \/ Outlook (.ics)            <\/a>\r\n        <\/li>\r\n            <\/ul>\r\n<\/div>\r\n\n\n\n\n<p class=\"has-text-align-center\"><br>\ud83d\uddfa\ufe0fMap: <a href=\"https:\/\/maps.app.goo.gl\/uBstD1tKePPLACGt9\" target=\"_blank\" rel=\"noopener\">St. Wenceslas Vineyard &amp; Villa Richter, Star\u00e9 z\u00e1meck\u00e9 schody 6, Prague 1<\/a><\/p>\n<\/div>\n\n\n\n<p class=\"has-text-align-center\">\ud83d\udcf2 <strong>Follow the latest updates and festival atmosphere on our socials:<\/strong><\/p>\n\n\n\n<p class=\"has-text-align-center\">Instagram \u2192 <a href=\"https:\/\/www.instagram.com\/richtervilla\" target=\"_blank\" rel=\"noreferrer noopener\">@richtervilla<\/a><br>Facebook Event \u2192 <a href=\"https:\/\/facebook.com\/events\/s\/velikonoce-na-vinici-villa-ric\/1639924367458536\/\" target=\"_blank\" rel=\"noopener\">invite friends<\/a><\/p>\n\n\n\n<figure class=\"wp-block-image alignfull size-large\"><img loading=\"lazy\" decoding=\"async\" width=\"1024\" height=\"602\" src=\"https:\/\/www.villarichter.cz\/wp-content\/uploads\/2025\/08\/map-en-1024x602.png\" alt=\"\" class=\"wp-image-2992\" srcset=\"https:\/\/www.villarichter.cz\/wp-content\/uploads\/2025\/08\/map-en-1024x602.png 1024w, https:\/\/www.villarichter.cz\/wp-content\/uploads\/2025\/08\/map-en-980x577.png 980w, https:\/\/www.villarichter.cz\/wp-content\/uploads\/2025\/08\/map-en-480x282.png 480w\" sizes=\"auto, (min-width: 0px) and (max-width: 480px) 480px, (min-width: 481px) and (max-width: 980px) 980px, (min-width: 981px) 1024px, 100vw\" \/><\/figure>\n","protected":false},"excerpt":{"rendered":"<p>Easter at Villa Richter beneath Prague Castle. Wine, spring specialties and views over Prague.<\/p>\n","protected":false},"author":5,"featured_media":3770,"comment_status":"closed","ping_status":"closed","sticky":false,"template":"","format":"standard","meta":{"_et_pb_use_builder":"off","_et_pb_old_content":"","_et_gb_content_width":"1080","footnotes":""},"categories":[35,42,12,41,40],"tags":[],"class_list":["post-3763","post","type-post","status-publish","format-standard","has-post-thumbnail","hentry","category-festivals","category-festivals-2","category-uncategorized","category-special-event-2","category-specialni-akce-en"],"acf":[],"_links":{"self":[{"href":"https:\/\/www.villarichter.cz\/en\/wp-json\/wp\/v2\/posts\/3763","targetHints":{"allow":["GET"]}}],"collection":[{"href":"https:\/\/www.villarichter.cz\/en\/wp-json\/wp\/v2\/posts"}],"about":[{"href":"https:\/\/www.villarichter.cz\/en\/wp-json\/wp\/v2\/types\/post"}],"author":[{"embeddable":true,"href":"https:\/\/www.villarichter.cz\/en\/wp-json\/wp\/v2\/users\/5"}],"replies":[{"embeddable":true,"href":"https:\/\/www.villarichter.cz\/en\/wp-json\/wp\/v2\/comments?post=3763"}],"version-history":[{"count":2,"href":"https:\/\/www.villarichter.cz\/en\/wp-json\/wp\/v2\/posts\/3763\/revisions"}],"predecessor-version":[{"id":3790,"href":"https:\/\/www.villarichter.cz\/en\/wp-json\/wp\/v2\/posts\/3763\/revisions\/3790"}],"wp:featuredmedia":[{"embeddable":true,"href":"https:\/\/www.villarichter.cz\/en\/wp-json\/wp\/v2\/media\/3770"}],"wp:attachment":[{"href":"https:\/\/www.villarichter.cz\/en\/wp-json\/wp\/v2\/media?parent=3763"}],"wp:term":[{"taxonomy":"category","embeddable":true,"href":"https:\/\/www.villarichter.cz\/en\/wp-json\/wp\/v2\/categories?post=3763"},{"taxonomy":"post_tag","embeddable":true,"href":"https:\/\/www.villarichter.cz\/en\/wp-json\/wp\/v2\/tags?post=3763"}],"curies":[{"name":"wp","href":"https:\/\/api.w.org\/{rel}","templated":true}]}}